{"id":521,"date":"2018-01-18T15:48:27","date_gmt":"2018-01-18T15:48:27","guid":{"rendered":"http:\/\/ry0xysuxf.preview.infomaniak.website\/?p=521"},"modified":"2023-12-11T07:36:18","modified_gmt":"2023-12-11T07:36:18","slug":"pertes-de-charges-causees-par-un-ventilateur-a-larret","status":"publish","type":"post","link":"https:\/\/www.airvision.be\/fr\/pertes-de-charges-causees-par-un-ventilateur-a-larret\/","title":{"rendered":"12. Pertes de charges caus\u00e9es par un ventilateur \u00e0 l&#8217;arr\u00eat"},"content":{"rendered":"\n<p>On nous pose parfois la question de savoir quelle sera la perte de charge caus\u00e9e par un ventilateur qui s\u2019arr\u00eaterait de fonctionner ,suite \u00e0 une panne \u00e9lectrique ou m\u00e9canique, afin de dimensionner suffisamment un autre ventilateur se trouvant plus loin sur la m\u00eame branche de circuit, pour que ce dernier puisse assumer momentan\u00e9ment un surcroit de pression \u00e9quivalent, sans pr\u00e9judice du maintien du d\u00e9bit<\/p>\n\n\n\n<p>Les informations ci-dessous proviennent d\u2019essais r\u00e9alis\u00e9s sur un seul type de ventilateur. Il s\u2019agit donc de valeurs empiriques et qui peuvent varier selon la g\u00e9om\u00e9trie du ventilateur, mais elles permettent une bonne approximation du probl\u00e8me<\/p>\n\n\n\n<p>Comme toute perte de charge quadratique, elle sera de la forme :<\/p>\n\n\n<div class=\"wp-block-image\">\n<figure class=\"aligncenter size-full\"><img loading=\"lazy\" decoding=\"async\" width=\"299\" height=\"37\" src=\"https:\/\/www.airvision.be\/wp-content\/uploads\/1-31.jpg\" alt=\"\" class=\"wp-image-5691\"\/><\/figure>\n<\/div>\n\n\n<p>Avec :<br>K= coefficient de perte de charge, sans dimensions<br>V= vitesse d\u2019air \u00e0 l\u2019endroit de l\u2019obstacle causant la perte de charge, en m\/s<br>\u03c1=masse volumique du gaz au droit de l\u2019obstacle, en kg\/m\u00b3<br>g=9.81 m\/s\u00b2 = acc\u00e9l\u00e9ration de la pesanteur<\/p>\n\n\n\n<p>C\u2019est donc la connaissance de K qui permettra le calcul de la perte de charge du ventilateur \u00e0 l\u2019arr\u00eat.<\/p>\n\n\n\n<h2 class=\"wp-block-heading\">Cas 1 : ventilateur hors service et parcouru par les gaz dans le sens normal de l\u2019\u00e9coulement<\/h2>\n\n\n\n<p>On prend comme valeur de v, la vitesse r\u00e9sultant du d\u00e9bit dans la section au droit du col de pavillon \u00e0 l\u2019entr\u00e9e du ventilateur<\/p>\n\n\n\n<div class=\"wp-block-columns is-layout-flex wp-container-core-columns-is-layout-9d6595d7 wp-block-columns-is-layout-flex\">\n<div class=\"wp-block-column is-layout-flow wp-block-column-is-layout-flow\">\n<figure class=\"wp-block-image size-full\"><img loading=\"lazy\" decoding=\"async\" width=\"367\" height=\"263\" src=\"https:\/\/www.airvision.be\/wp-content\/uploads\/1-32.jpg\" alt=\"\" class=\"wp-image-5694\" srcset=\"https:\/\/www.airvision.be\/wp-content\/uploads\/1-32.jpg 367w, https:\/\/www.airvision.be\/wp-content\/uploads\/1-32-300x215.jpg 300w\" sizes=\"auto, (max-width: 367px) 100vw, 367px\" \/><\/figure>\n<\/div>\n\n\n\n<div class=\"wp-block-column is-layout-flow wp-block-column-is-layout-flow\">\n<p>-Si la roue est bloqu\u00e9e, par exemple par un dispositif frein ou anti-d\u00e9vireur,<br>K = 2.3 \u00e0 2.6<br><br>-Si la roue du ventilateur tourne librement par l\u2019effet du d\u00e9bit qui la parcourt,<br>K sera proche de 1<\/p>\n<\/div>\n<\/div>\n\n\n\n<h2 class=\"wp-block-heading\">Cas 2 : ventilateur hors service parcouru par un fluide en sens inverse de l\u2019\u00e9coulement normal<\/h2>\n\n\n\n<p>On prend la valeur de v correspondant au d\u00e9bit dans la section de la bride de refoulement du ventilateur.<\/p>\n\n\n\n<div class=\"wp-block-columns is-layout-flex wp-container-core-columns-is-layout-9d6595d7 wp-block-columns-is-layout-flex\">\n<div class=\"wp-block-column is-layout-flow wp-block-column-is-layout-flow\">\n<p>-Si la roue est maintenue \u00e0 l\u2019arr\u00eat par un dispositif<br>m\u00e9canique, K= 25 \u00e0 30<\/p>\n\n\n\n<p><\/p>\n\n\n\n<p>-Si la roue tourne librement sous l\u2019effet du courant d\u2019air, on manque de donn\u00e9es empiriques, car tout d\u00e9pend du triangle des vecteurs vitesses d\u2019entra\u00eenement, relative et absolue de l\u2019air \u00e0 la p\u00e9riph\u00e9rie de la roue, vecteurs qui sont notamment fonction de la forme des aubages et de<br>la vitesse atteinte par la roue.<\/p>\n\n\n\n<p><\/p>\n<\/div>\n\n\n\n<div class=\"wp-block-column is-layout-flow wp-block-column-is-layout-flow\">\n<figure class=\"wp-block-image size-full\"><img loading=\"lazy\" decoding=\"async\" width=\"391\" height=\"289\" src=\"https:\/\/www.airvision.be\/wp-content\/uploads\/1-33.jpg\" alt=\"\" class=\"wp-image-5697\" srcset=\"https:\/\/www.airvision.be\/wp-content\/uploads\/1-33.jpg 391w, https:\/\/www.airvision.be\/wp-content\/uploads\/1-33-300x222.jpg 300w\" sizes=\"auto, (max-width: 391px) 100vw, 391px\" \/><\/figure>\n<\/div>\n<\/div>\n","protected":false},"excerpt":{"rendered":"<p>On nous pose parfois la question de savoir quelle sera la perte de charge caus\u00e9e par un ventilateur qui s\u2019arr\u00eaterait de fonctionner ,suite \u00e0 une panne \u00e9lectrique ou m\u00e9canique, afin [&hellip;]<\/p>\n","protected":false},"author":1,"featured_media":610,"comment_status":"open","ping_status":"open","sticky":false,"template":"","format":"standard","meta":{"footnotes":""},"categories":[4],"tags":[],"class_list":["post-521","post","type-post","status-publish","format-standard","has-post-thumbnail","hentry","category-academy"],"_links":{"self":[{"href":"https:\/\/www.airvision.be\/fr\/wp-json\/wp\/v2\/posts\/521","targetHints":{"allow":["GET"]}}],"collection":[{"href":"https:\/\/www.airvision.be\/fr\/wp-json\/wp\/v2\/posts"}],"about":[{"href":"https:\/\/www.airvision.be\/fr\/wp-json\/wp\/v2\/types\/post"}],"author":[{"embeddable":true,"href":"https:\/\/www.airvision.be\/fr\/wp-json\/wp\/v2\/users\/1"}],"replies":[{"embeddable":true,"href":"https:\/\/www.airvision.be\/fr\/wp-json\/wp\/v2\/comments?post=521"}],"version-history":[{"count":3,"href":"https:\/\/www.airvision.be\/fr\/wp-json\/wp\/v2\/posts\/521\/revisions"}],"predecessor-version":[{"id":5895,"href":"https:\/\/www.airvision.be\/fr\/wp-json\/wp\/v2\/posts\/521\/revisions\/5895"}],"wp:featuredmedia":[{"embeddable":true,"href":"https:\/\/www.airvision.be\/fr\/wp-json\/wp\/v2\/media\/610"}],"wp:attachment":[{"href":"https:\/\/www.airvision.be\/fr\/wp-json\/wp\/v2\/media?parent=521"}],"wp:term":[{"taxonomy":"category","embeddable":true,"href":"https:\/\/www.airvision.be\/fr\/wp-json\/wp\/v2\/categories?post=521"},{"taxonomy":"post_tag","embeddable":true,"href":"https:\/\/www.airvision.be\/fr\/wp-json\/wp\/v2\/tags?post=521"}],"curies":[{"name":"wp","href":"https:\/\/api.w.org\/{rel}","templated":true}]}}